{"id":9023,"date":"2021-09-24T11:57:00","date_gmt":"2021-09-24T09:57:00","guid":{"rendered":"https:\/\/www.tvneo.com\/?p=9023"},"modified":"2024-10-20T12:32:05","modified_gmt":"2024-10-20T10:32:05","slug":"2021-lino-buttice-calogero-chante-je-sais-que-le-temps-passera-a-revelation","status":"publish","type":"post","link":"https:\/\/www.tvneo.com\/?p=9023","title":{"rendered":"2021 \u2013 Lino Buttice chante \u00ab\u00a0Je sais que le temps passera\u00a0\u00bb \u00e0 R\u00e9v\u00e9lation"},"content":{"rendered":"<p>Lino Buttice chante \u00ab\u00a0Je sais que le temps passera\u00a0\u00bb au Festival R\u00e9v\u00e9lation. Une tr\u00e8s belle chanson qui nous parle de la triste p\u00e9riode du confinement mais avec beaucoup d\u2019espoir.<br \/>\nLe festival R\u00e9v\u00e9lation s&rsquo;est d\u00e9roul\u00e9 le 24 septembre 2021 au centre culturel Jean l&rsquo;H\u00f4te de Neuves-Maisons<\/p>\n","protected":false},"excerpt":{"rendered":"<p>Lino Buttice chante \u00ab\u00a0Je sais que le temps passera\u00a0\u00bb au Festival R\u00e9v\u00e9lation. Une tr\u00e8s belle chanson qui nous parle de la triste p\u00e9riode du confinement mais avec beaucoup d\u2019espoir. Le festival R\u00e9v\u00e9lation s&rsquo;est d\u00e9roul\u00e9 le 24 septembre 2021 au centre culturel Jean l&rsquo;H\u00f4te de Neuves-Maisons<\/p>\n","protected":false},"author":2,"featured_media":9025,"comment_status":"open","ping_status":"open","sticky":false,"template":"","format":"video","meta":{"footnotes":""},"categories":[163,113],"tags":[],"class_list":["post-9023","post","type-post","status-publish","format-video","has-post-thumbnail","hentry","category-festival-revelation-2021","category-lino-buttice","post_format-post-format-video"],"yoast_head":"<!-- This site is optimized with the Yoast SEO plugin v24.8.1 - https:\/\/yoast.com\/wordpress\/plugins\/seo\/ -->\n<title>2021 \u2013 Lino Buttice chante &quot;Je sais que le temps passera&quot; \u00e0 R\u00e9v\u00e9lation - TVNEO<\/title>\n<meta name=\"description\" content=\"Lino Buttice Calogero chante &quot;Je sais que le temps passera&quot; au Festival R\u00e9v\u00e9lation. Une tr\u00e8s belle chanson qui nous parle de la triste p\u00e9riode du confinement mais avec beaucoup d\u2019espoir. Le festival R\u00e9v\u00e9lation s&#039;est d\u00e9roul\u00e9 le 24 septembre 2021 au centre culturel Jean l&#039;H\u00f4te de Neuves-Maisons\" \/>\n<meta name=\"robots\" content=\"index, follow, max-snippet:-1, max-image-preview:large, max-video-preview:-1\" \/>\n<link rel=\"canonical\" href=\"https:\/\/www.tvneo.com\/?p=9023\" \/>\n<meta property=\"og:locale\" content=\"fr_FR\" \/>\n<meta property=\"og:type\" content=\"article\" \/>\n<meta property=\"og:title\" content=\"2021 \u2013 Lino Buttice Calogero chante &quot;Je sais que le temps passera&quot; \u00e0 R\u00e9v\u00e9lation\" \/>\n<meta property=\"og:description\" content=\"Lino Buttice Calogero chante &quot;Je sais que le temps passera&quot; au Festival R\u00e9v\u00e9lation. Une tr\u00e8s belle chanson qui nous parle de la triste p\u00e9riode du confinement mais avec beaucoup d\u2019espoir. Le festival R\u00e9v\u00e9lation s&#039;est d\u00e9roul\u00e9 le 24 septembre 2021 au centre culturel Jean l&#039;H\u00f4te de Neuves-Maisons\" \/>\n<meta property=\"og:url\" content=\"https:\/\/www.tvneo.com\/?p=9023\" \/>\n<meta property=\"og:site_name\" content=\"TVNEO\" \/>\n<meta property=\"article:published_time\" content=\"2021-09-24T09:57:00+00:00\" \/>\n<meta property=\"article:modified_time\" content=\"2024-10-20T10:32:05+00:00\" \/>\n<meta property=\"og:image\" content=\"https:\/\/www.tvneo.com\/wp-content\/uploads\/2021\/10\/2021-lino-buttice-calogero-chant.jpg\" \/>\n\t<meta property=\"og:image:width\" content=\"640\" \/>\n\t<meta property=\"og:image:height\" content=\"360\" \/>\n\t<meta property=\"og:image:type\" content=\"image\/jpeg\" \/>\n<meta name=\"author\" content=\"TVNEO\" \/>\n<meta name=\"twitter:card\" content=\"summary_large_image\" \/>\n<meta name=\"twitter:title\" content=\"2021 \u2013 Lino Buttice Calogero chante &quot;Je sais que le temps passera&quot; \u00e0 R\u00e9v\u00e9lation\" \/>\n<meta name=\"twitter:description\" content=\"Lino Buttice Calogero chante &quot;Je sais que le temps passera&quot; au Festival R\u00e9v\u00e9lation. Une tr\u00e8s belle chanson qui nous parle de la triste p\u00e9riode du confinement mais avec beaucoup d\u2019espoir. Le festival R\u00e9v\u00e9lation s&#039;est d\u00e9roul\u00e9 le 24 septembre 2021 au centre culturel Jean l&#039;H\u00f4te de Neuves-Maisons\" \/>\n<meta name=\"twitter:image\" content=\"https:\/\/www.tvneo.com\/wp-content\/uploads\/2021\/10\/2021-lino-buttice-calogero-chant.jpg\" \/>\n<meta name=\"twitter:label1\" content=\"\u00c9crit par\" \/>\n\t<meta name=\"twitter:data1\" content=\"TVNEO\" \/>\n\t<meta name=\"twitter:label2\" content=\"Dur\u00e9e de lecture estim\u00e9e\" \/>\n\t<meta name=\"twitter:data2\" content=\"1 minute\" \/>\n<script type=\"application\/ld+json\" class=\"yoast-schema-graph\">{\"@context\":\"https:\/\/schema.org\",\"@graph\":[{\"@type\":\"WebPage\",\"@id\":\"https:\/\/www.tvneo.com\/?p=9023\",\"url\":\"https:\/\/www.tvneo.com\/?p=9023\",\"name\":\"2021 \u2013 Lino Buttice chante \\\"Je sais que le temps passera\\\" \u00e0 R\u00e9v\u00e9lation - TVNEO\",\"isPartOf\":{\"@id\":\"https:\/\/www.tvneo.com\/#website\"},\"primaryImageOfPage\":{\"@id\":\"https:\/\/www.tvneo.com\/?p=9023#primaryimage\"},\"image\":{\"@id\":\"https:\/\/www.tvneo.com\/?p=9023#primaryimage\"},\"thumbnailUrl\":\"https:\/\/www.tvneo.com\/wp-content\/uploads\/2021\/10\/2021-lino-buttice-calogero-chant.jpg\",\"datePublished\":\"2021-09-24T09:57:00+00:00\",\"dateModified\":\"2024-10-20T10:32:05+00:00\",\"author\":{\"@id\":\"https:\/\/www.tvneo.com\/#\/schema\/person\/7f2b3d99f73a8bf90037364f48fa55a0\"},\"description\":\"Lino Buttice Calogero chante \\\"Je sais que le temps passera\\\" au Festival R\u00e9v\u00e9lation. Une tr\u00e8s belle chanson qui nous parle de la triste p\u00e9riode du confinement mais avec beaucoup d\u2019espoir. Le festival R\u00e9v\u00e9lation s'est d\u00e9roul\u00e9 le 24 septembre 2021 au centre culturel Jean l'H\u00f4te de Neuves-Maisons\",\"breadcrumb\":{\"@id\":\"https:\/\/www.tvneo.com\/?p=9023#breadcrumb\"},\"inLanguage\":\"fr-FR\",\"potentialAction\":[{\"@type\":\"ReadAction\",\"target\":[\"https:\/\/www.tvneo.com\/?p=9023\"]}]},{\"@type\":\"ImageObject\",\"inLanguage\":\"fr-FR\",\"@id\":\"https:\/\/www.tvneo.com\/?p=9023#primaryimage\",\"url\":\"https:\/\/www.tvneo.com\/wp-content\/uploads\/2021\/10\/2021-lino-buttice-calogero-chant.jpg\",\"contentUrl\":\"https:\/\/www.tvneo.com\/wp-content\/uploads\/2021\/10\/2021-lino-buttice-calogero-chant.jpg\",\"width\":640,\"height\":360},{\"@type\":\"BreadcrumbList\",\"@id\":\"https:\/\/www.tvneo.com\/?p=9023#breadcrumb\",\"itemListElement\":[{\"@type\":\"ListItem\",\"position\":1,\"name\":\"Accueil\",\"item\":\"https:\/\/www.tvneo.com\/\"},{\"@type\":\"ListItem\",\"position\":2,\"name\":\"2021 \u2013 Lino Buttice chante \u00ab\u00a0Je sais que le temps passera\u00a0\u00bb \u00e0 R\u00e9v\u00e9lation\"}]},{\"@type\":\"WebSite\",\"@id\":\"https:\/\/www.tvneo.com\/#website\",\"url\":\"https:\/\/www.tvneo.com\/\",\"name\":\"TVNEO\",\"description\":\"La t\u00e9l\u00e9vision locale de Neuves-Maisons et ses environs\",\"potentialAction\":[{\"@type\":\"SearchAction\",\"target\":{\"@type\":\"EntryPoint\",\"urlTemplate\":\"https:\/\/www.tvneo.com\/?s={search_term_string}\"},\"query-input\":{\"@type\":\"PropertyValueSpecification\",\"valueRequired\":true,\"valueName\":\"search_term_string\"}}],\"inLanguage\":\"fr-FR\"},{\"@type\":\"Person\",\"@id\":\"https:\/\/www.tvneo.com\/#\/schema\/person\/7f2b3d99f73a8bf90037364f48fa55a0\",\"name\":\"TVNEO\",\"image\":{\"@type\":\"ImageObject\",\"inLanguage\":\"fr-FR\",\"@id\":\"https:\/\/www.tvneo.com\/#\/schema\/person\/image\/\",\"url\":\"https:\/\/secure.gravatar.com\/avatar\/58abeed97d2f5dbecd5d4be2d3dbf934?s=96&d=mm&r=g\",\"contentUrl\":\"https:\/\/secure.gravatar.com\/avatar\/58abeed97d2f5dbecd5d4be2d3dbf934?s=96&d=mm&r=g\",\"caption\":\"TVNEO\"},\"url\":\"https:\/\/www.tvneo.com\/?author=2\"}]}<\/script>\n<!-- \/ Yoast SEO plugin. -->","yoast_head_json":{"title":"2021 \u2013 Lino Buttice chante \"Je sais que le temps passera\" \u00e0 R\u00e9v\u00e9lation - TVNEO","description":"Lino Buttice Calogero chante \"Je sais que le temps passera\" au Festival R\u00e9v\u00e9lation. Une tr\u00e8s belle chanson qui nous parle de la triste p\u00e9riode du confinement mais avec beaucoup d\u2019espoir. Le festival R\u00e9v\u00e9lation s'est d\u00e9roul\u00e9 le 24 septembre 2021 au centre culturel Jean l'H\u00f4te de Neuves-Maisons","robots":{"index":"index","follow":"follow","max-snippet":"max-snippet:-1","max-image-preview":"max-image-preview:large","max-video-preview":"max-video-preview:-1"},"canonical":"https:\/\/www.tvneo.com\/?p=9023","og_locale":"fr_FR","og_type":"article","og_title":"2021 \u2013 Lino Buttice Calogero chante \"Je sais que le temps passera\" \u00e0 R\u00e9v\u00e9lation","og_description":"Lino Buttice Calogero chante \"Je sais que le temps passera\" au Festival R\u00e9v\u00e9lation. Une tr\u00e8s belle chanson qui nous parle de la triste p\u00e9riode du confinement mais avec beaucoup d\u2019espoir. Le festival R\u00e9v\u00e9lation s'est d\u00e9roul\u00e9 le 24 septembre 2021 au centre culturel Jean l'H\u00f4te de Neuves-Maisons","og_url":"https:\/\/www.tvneo.com\/?p=9023","og_site_name":"TVNEO","article_published_time":"2021-09-24T09:57:00+00:00","article_modified_time":"2024-10-20T10:32:05+00:00","og_image":[{"width":640,"height":360,"url":"https:\/\/www.tvneo.com\/wp-content\/uploads\/2021\/10\/2021-lino-buttice-calogero-chant.jpg","type":"image\/jpeg"}],"author":"TVNEO","twitter_card":"summary_large_image","twitter_title":"2021 \u2013 Lino Buttice Calogero chante \"Je sais que le temps passera\" \u00e0 R\u00e9v\u00e9lation","twitter_description":"Lino Buttice Calogero chante \"Je sais que le temps passera\" au Festival R\u00e9v\u00e9lation. Une tr\u00e8s belle chanson qui nous parle de la triste p\u00e9riode du confinement mais avec beaucoup d\u2019espoir. Le festival R\u00e9v\u00e9lation s'est d\u00e9roul\u00e9 le 24 septembre 2021 au centre culturel Jean l'H\u00f4te de Neuves-Maisons","twitter_image":"https:\/\/www.tvneo.com\/wp-content\/uploads\/2021\/10\/2021-lino-buttice-calogero-chant.jpg","twitter_misc":{"\u00c9crit par":"TVNEO","Dur\u00e9e de lecture estim\u00e9e":"1 minute"},"schema":{"@context":"https:\/\/schema.org","@graph":[{"@type":"WebPage","@id":"https:\/\/www.tvneo.com\/?p=9023","url":"https:\/\/www.tvneo.com\/?p=9023","name":"2021 \u2013 Lino Buttice chante \"Je sais que le temps passera\" \u00e0 R\u00e9v\u00e9lation - TVNEO","isPartOf":{"@id":"https:\/\/www.tvneo.com\/#website"},"primaryImageOfPage":{"@id":"https:\/\/www.tvneo.com\/?p=9023#primaryimage"},"image":{"@id":"https:\/\/www.tvneo.com\/?p=9023#primaryimage"},"thumbnailUrl":"https:\/\/www.tvneo.com\/wp-content\/uploads\/2021\/10\/2021-lino-buttice-calogero-chant.jpg","datePublished":"2021-09-24T09:57:00+00:00","dateModified":"2024-10-20T10:32:05+00:00","author":{"@id":"https:\/\/www.tvneo.com\/#\/schema\/person\/7f2b3d99f73a8bf90037364f48fa55a0"},"description":"Lino Buttice Calogero chante \"Je sais que le temps passera\" au Festival R\u00e9v\u00e9lation. Une tr\u00e8s belle chanson qui nous parle de la triste p\u00e9riode du confinement mais avec beaucoup d\u2019espoir. Le festival R\u00e9v\u00e9lation s'est d\u00e9roul\u00e9 le 24 septembre 2021 au centre culturel Jean l'H\u00f4te de Neuves-Maisons","breadcrumb":{"@id":"https:\/\/www.tvneo.com\/?p=9023#breadcrumb"},"inLanguage":"fr-FR","potentialAction":[{"@type":"ReadAction","target":["https:\/\/www.tvneo.com\/?p=9023"]}]},{"@type":"ImageObject","inLanguage":"fr-FR","@id":"https:\/\/www.tvneo.com\/?p=9023#primaryimage","url":"https:\/\/www.tvneo.com\/wp-content\/uploads\/2021\/10\/2021-lino-buttice-calogero-chant.jpg","contentUrl":"https:\/\/www.tvneo.com\/wp-content\/uploads\/2021\/10\/2021-lino-buttice-calogero-chant.jpg","width":640,"height":360},{"@type":"BreadcrumbList","@id":"https:\/\/www.tvneo.com\/?p=9023#breadcrumb","itemListElement":[{"@type":"ListItem","position":1,"name":"Accueil","item":"https:\/\/www.tvneo.com\/"},{"@type":"ListItem","position":2,"name":"2021 \u2013 Lino Buttice chante \u00ab\u00a0Je sais que le temps passera\u00a0\u00bb \u00e0 R\u00e9v\u00e9lation"}]},{"@type":"WebSite","@id":"https:\/\/www.tvneo.com\/#website","url":"https:\/\/www.tvneo.com\/","name":"TVNEO","description":"La t\u00e9l\u00e9vision locale de Neuves-Maisons et ses environs","potentialAction":[{"@type":"SearchAction","target":{"@type":"EntryPoint","urlTemplate":"https:\/\/www.tvneo.com\/?s={search_term_string}"},"query-input":{"@type":"PropertyValueSpecification","valueRequired":true,"valueName":"search_term_string"}}],"inLanguage":"fr-FR"},{"@type":"Person","@id":"https:\/\/www.tvneo.com\/#\/schema\/person\/7f2b3d99f73a8bf90037364f48fa55a0","name":"TVNEO","image":{"@type":"ImageObject","inLanguage":"fr-FR","@id":"https:\/\/www.tvneo.com\/#\/schema\/person\/image\/","url":"https:\/\/secure.gravatar.com\/avatar\/58abeed97d2f5dbecd5d4be2d3dbf934?s=96&d=mm&r=g","contentUrl":"https:\/\/secure.gravatar.com\/avatar\/58abeed97d2f5dbecd5d4be2d3dbf934?s=96&d=mm&r=g","caption":"TVNEO"},"url":"https:\/\/www.tvneo.com\/?author=2"}]}},"cmb2":{"poster_feature_image":{"vid_m_player_background":"off","vid_m_poster_image":"","vid_m_poster_image_id":""},"gif_feature_image":{"vid_m_gif_image":"","vid_m_gif_image_id":""},"video_movie_settings":{"vid_m_director":"","vid_m_actor":"","vid_m_imdb_ratings":"","vid_m_amazon_associates":"","vid_m_vid_tmdb_movie":"","vid_m_vid_tmdb_tv_shows":"","vid_m_vid_tmdb_thumb":"backdrop_sizes"},"vid_ads_m_videoads_settings_post":{"vid_ads_m_video_ads":"","vid_ads_m_video_ads_type":"","vid_ads_m_group_google_ima":"","vid_ads_m_group_image":"","vid_ads_m_group_html5_video":"","vid_ads_m_group_html":"","vid_ads_m_vpaid_mode":"no","vid_ads_m_vast_preroll":"","vid_ads_m_vast_postroll":"","vid_ads_m_vast_pauseroll":"","vid_ads_m_vast_midroll":[{"vid_ads_m_vast_timer_seconds":"50"}],"vid_ads_m_group_dynamic":[{"vid_ads_m_dynamic_type":"image","vid_ads_m_dynamic_size_desktop":"336x280","vid_ads_m_dynamic_size_mobile":"300x250","vid_ads_m_dynamic_vertial_align":"bottom"}],"vid_ads_m_time_to_show_ads":"","vid_ads_m_time_skip_ads":"","vid_ads_m_time_to_hide_ads":""},"feature_image_settings":{"feature_image_position":""},"video_player_settings":{"single_video_style":"","video_player_position":"","vm_video_url_btn_choose":"","vm_video_url_btn_choose_id":"","vm_video_url":"<iframe width=\"560\" height=\"315\" src=\"https:\/\/www.youtube.com\/embed\/4EY2PrDqF10?si=l8WyeSun8JGq5nUL\" title=\"YouTube video player\" frameborder=\"0\" allow=\"accelerometer; autoplay; clipboard-write; encrypted-media; gyroscope; picture-in-picture; web-share\" allowfullscreen><\/iframe>","vm_video_ratio":"16:9","vm_video_ratio_mobile":"16:9","video_player_library":"","plyr_player":"","video_streaming":"","vm_video_shortcode":"","vm_video_timelapse":"","vm_media_subtitles":"","vm_media_sources":"","vid_vtt_preview":"off","vid_vtt_preview_vtt_file":"","vid_vtt_preview_vtt_file_id":"","vid_vtt_preview_sprite_image":"","vid_vtt_preview_sprite_image_id":"","vid_auto_play":"","vid_preview_mode":"","vm_screenshot_preview":"","vid_tags":"","vid_p_sync_playlist":"","vid_c_sync_channel":"","get_post_format":"","multiple_links_structure":"default","multi_links_title":"","original_video_title":"","multi_links_series":"","vm_video_multi_links":"","vm_duration":"03:40","vid_social_locker":"off","vid_locker_mode":"social","vid_social_locker_id":"","vid_social_email_locker_id":"","vid_social_signin_locker_id":"","sv_login_to_watch":"","vid_membership_action":"content-video","vm_video_trailer_url":"","vid_download_type":"free","vid_download_target":"download","vid_woo_product":"","vid_download_mode":"","vid_download_mode_trailer":"","vm_media_download":"","user_rating":"","user_rating_position":"","user_rating_mode":"","user_rating_multi_sets":"","ads_above_single_player":""},"video_auto_fetch_settings":{"vm_video_fetch":"on"},"video_fake_views_likes":{"vm_fake_views":"","vm_fake_likes":"","vm_fake_dislikes":""},"gallery_settings":{"gallery_position":""},"quote_settings":{"quote_position":""},"post_options":{"main_layout":"","main_logo":"","main_logo_id":"","main_logo_retina":"","main_logo_retina_id":"","main_logo_mobile":"","main_logo_mobile_id":"","main_logo_mobile_retina":"","main_logo_mobile_retina_id":"","sticky_logo":"","sticky_logo_id":"","sticky_logo_retina":"","sticky_logo_retina_id":"","main_nav_layout":"","header_background":"","theme_sidebar":"","single_post_comment_type":"","theme_background":""}},"_links":{"self":[{"href":"https:\/\/www.tvneo.com\/index.php?rest_route=\/wp\/v2\/posts\/9023","targetHints":{"allow":["GET"]}}],"collection":[{"href":"https:\/\/www.tvneo.com\/index.php?rest_route=\/wp\/v2\/posts"}],"about":[{"href":"https:\/\/www.tvneo.com\/index.php?rest_route=\/wp\/v2\/types\/post"}],"author":[{"embeddable":true,"href":"https:\/\/www.tvneo.com\/index.php?rest_route=\/wp\/v2\/users\/2"}],"replies":[{"embeddable":true,"href":"https:\/\/www.tvneo.com\/index.php?rest_route=%2Fwp%2Fv2%2Fcomments&post=9023"}],"version-history":[{"count":9,"href":"https:\/\/www.tvneo.com\/index.php?rest_route=\/wp\/v2\/posts\/9023\/revisions"}],"predecessor-version":[{"id":10067,"href":"https:\/\/www.tvneo.com\/index.php?rest_route=\/wp\/v2\/posts\/9023\/revisions\/10067"}],"wp:featuredmedia":[{"embeddable":true,"href":"https:\/\/www.tvneo.com\/index.php?rest_route=\/wp\/v2\/media\/9025"}],"wp:attachment":[{"href":"https:\/\/www.tvneo.com\/index.php?rest_route=%2Fwp%2Fv2%2Fmedia&parent=9023"}],"wp:term":[{"taxonomy":"category","embeddable":true,"href":"https:\/\/www.tvneo.com\/index.php?rest_route=%2Fwp%2Fv2%2Fcategories&post=9023"},{"taxonomy":"post_tag","embeddable":true,"href":"https:\/\/www.tvneo.com\/index.php?rest_route=%2Fwp%2Fv2%2Ftags&post=9023"}],"curies":[{"name":"wp","href":"https:\/\/api.w.org\/{rel}","templated":true}]}}